{"id":76266,"date":"2017-06-05T09:35:46","date_gmt":"2017-06-05T07:35:46","guid":{"rendered":"http:\/\/www.ilcam.com\/?p=76266\/"},"modified":"2018-02-12T19:33:58","modified_gmt":"2018-02-12T18:33:58","slug":"novita-da-interzum-2017","status":"publish","type":"post","link":"https:\/\/www.ilcam.com\/it\/ilcam-voice-it\/novita-da-interzum-2017\/","title":{"rendered":"Novit\u00e0 da Interzum 2017"},"content":{"rendered":"<div class=\"wpb-content-wrapper\"><p>[vc_row][vc_column][vc_column_text]L&#8217;edizione 2017 di <strong>Interzum<\/strong> a <strong>Colonia<\/strong> si \u00e8 conclusa con un risultato record: pi\u00f9 di <strong>69.000 visitatori<\/strong> provenienti da <strong>152 Paesi<\/strong> hanno preso parte alla pi\u00f9 grande fiera dedicata ai materiali per la realizzazione dei mobili e l\u2019allestimento degli interni.<\/p>\n<p><strong>ILCAM vuole cogliere l&#8217;occasione per ringraziarvi<\/strong> per aver visitato il suo stand, per le interessanti discussioni che abbiamo avuto e per il tempo trascorso insieme. Speriamo di averti ispirato con molte idee positive e con il nostro <strong><em>gusto italiano<\/em> di vestire lo spazio<\/strong>.<\/p>\n<p>[\/vc_column_text][vc_empty_space][\/vc_column][\/vc_row][vc_row][vc_column][vc_single_image image=&#8221;76249&#8243; alignment=&#8221;center&#8221;][vc_empty_space][\/vc_column][\/vc_row][vc_row][vc_column][vc_column_text]Abbiamo avuto molti visitatori da tutto il mondo che hanno mostrato grande interesse per i nostri nuovi prodotti. Ritorniamo molto soddisfatti da Colonia. Il livello di occupazione nello stand \u00e8 stato molto alto. Le chiavi del successo sono state un&#8217;offerta di prodotto molto ampia, diversificata, con notizie interessanti e ben presentate, e ovviamente l&#8217;atmosfera conviviale che si poteva respirare nel nostro stand.[\/vc_column_text][vc_empty_space][\/vc_column][\/vc_row][vc_row][vc_column][vc_media_grid gap=&#8221;25&#8243; grid_id=&#8221;vc_gid:1496317298735-5f484239-cf4b-4&#8243; include=&#8221;76245,76246,76247&#8243;][vc_empty_space][\/vc_column][\/vc_row][vc_row][vc_column][vc_column_text]Per coloro che non hanno avuto l\u2019opportunit\u00e0 di venire in fiera, <strong>qui di seguito il racconto del progetto e alcune immagini dello stand al padiglione 6.1<\/strong>.<\/p>\n<p>Lo stand, realizzato da <strong>Progetto2 srl<\/strong> e progettato dallo studio <strong>pro[g]getti srl<\/strong>, \u00e8 nato con l\u2019idea di creare uno spazio favorevole allo scambio di idee e di opinioni, una <em>agor\u00e0<\/em> moderna dedicata all\u2019interior design.<\/p>\n<p>L\u2019architettura dello stand, semplice ed essenziale, accoglieva e valorizzava nell\u2019area perimetrale l\u2019esposizione dei <strong>prodotti ILCAM realizzarti con la pi\u00f9 ampia gamma di tecnologie disponibili<\/strong>. Una vetrina sui trend attuali e futuri <em>MADE in ILCAM<\/em>. Nell\u2019area centrale dello stand lo spazio era dedicato al confronto e alla condivisione, un luogo accogliente dove ospitare i visitatori che ci hanno concesso il loro tempo.<\/p>\n<p>[\/vc_column_text][vc_empty_space][\/vc_column][\/vc_row][vc_row][vc_column][vc_media_grid gap=&#8221;25&#8243; grid_id=&#8221;vc_gid:1496317298736-6ce2bec9-c3b8-1&#8243; include=&#8221;76244,76250,76248,76269,76270,76271&#8243;][vc_empty_space][\/vc_column][\/vc_row][vc_row][vc_column][vc_column_text]Vi invitiamo a <a href=\"http:\/\/www.ilcam.com\/being-ilcam\/glocal-thinking\/\" target=\"_blank\" rel=\"noopener\">visitare la nostra azienda<\/a> e la nostra showroom per conoscere da vicino la nostra realt\u00e0, le nostre porte sono aperte.<br \/>\nGrazie ancora e rinnoviamo l\u2019appuntamento a <strong>Interzum Colonia 2019<\/strong>.<\/p>\n<p>[\/vc_column_text][\/vc_column][\/vc_row]<\/p>\n<\/div>","protected":false},"excerpt":{"rendered":"<p>L&#8217;edizione 2017 di Interzum a Colonia si \u00e8 conclusa con un risultato record: pi\u00f9 di 69.000 visitatori provenienti da 152 Paesi hanno preso parte alla pi\u00f9 grande fiera dedicata ai materiali per la realizzazione dei mobili e l\u2019allestimento degli interni.<\/p>\n","protected":false},"author":4,"featured_media":76243,"comment_status":"closed","ping_status":"closed","sticky":false,"template":"","format":"standard","meta":{"_acf_changed":false,"footnotes":""},"categories":[34],"tags":[42,43],"class_list":["post-76266","post","type-post","status-publish","format-standard","has-post-thumbnail","hentry","category-ilcam-voice-it","tag-fairs-it","tag-news-it"],"acf":[],"yoast_head":"<!-- This site is optimized with the Yoast SEO plugin v27.5 - https:\/\/yoast.com\/product\/yoast-seo-wordpress\/ -->\n<title>Novit\u00e0 da Interzum 2017 - ILCAM<\/title>\n<meta name=\"description\" content=\"L&#039;edizione 2017 di Interzum a Colonia si \u00e8 conclusa con un risultato record: pi\u00f9 di 69.000 visitatori provenienti da 152 Paesi hanno preso parte alla pi\u00f9 grande fiera dedicata ai materiali per la realizzazione dei mobili e l\u2019allestimento degli interni.\" \/>\n<meta name=\"robots\" content=\"index, follow, max-snippet:-1, max-image-preview:large, max-video-preview:-1\" \/>\n<link rel=\"canonical\" href=\"https:\/\/www.ilcam.com\/it\/ilcam-voice-it\/novita-da-interzum-2017\/\" \/>\n<meta property=\"og:locale\" content=\"it_IT\" \/>\n<meta property=\"og:type\" content=\"article\" \/>\n<meta property=\"og:title\" content=\"Novit\u00e0 da Interzum 2017 - ILCAM\" \/>\n<meta property=\"og:description\" content=\"L&#039;edizione 2017 di Interzum a Colonia si \u00e8 conclusa con un risultato record: pi\u00f9 di 69.000 visitatori provenienti da 152 Paesi hanno preso parte alla pi\u00f9 grande fiera dedicata ai materiali per la realizzazione dei mobili e l\u2019allestimento degli interni.\" \/>\n<meta property=\"og:url\" content=\"https:\/\/www.ilcam.com\/it\/ilcam-voice-it\/novita-da-interzum-2017\/\" \/>\n<meta property=\"og:site_name\" content=\"ILCAM\" \/>\n<meta property=\"article:published_time\" content=\"2017-06-05T07:35:46+00:00\" \/>\n<meta property=\"article:modified_time\" content=\"2018-02-12T18:33:58+00:00\" \/>\n<meta property=\"og:image\" content=\"https:\/\/www.ilcam.com\/wp-content\/uploads\/2017\/06\/Interzum-e1496326666397.jpg\" \/>\n\t<meta property=\"og:image:width\" content=\"1312\" \/>\n\t<meta property=\"og:image:height\" content=\"836\" \/>\n\t<meta property=\"og:image:type\" content=\"image\/jpeg\" \/>\n<meta name=\"author\" content=\"Andrea Malisan\" \/>\n<meta name=\"twitter:card\" content=\"summary_large_image\" \/>\n<meta name=\"twitter:label1\" content=\"Scritto da\" \/>\n\t<meta name=\"twitter:data1\" content=\"Andrea Malisan\" \/>\n\t<meta name=\"twitter:label2\" content=\"Tempo di lettura stimato\" \/>\n\t<meta name=\"twitter:data2\" content=\"2 minuti\" \/>\n<script type=\"application\/ld+json\" class=\"yoast-schema-graph\">{\"@context\":\"https:\\\/\\\/schema.org\",\"@graph\":[{\"@type\":\"Article\",\"@id\":\"https:\\\/\\\/www.ilcam.com\\\/it\\\/ilcam-voice-it\\\/novita-da-interzum-2017\\\/#article\",\"isPartOf\":{\"@id\":\"https:\\\/\\\/www.ilcam.com\\\/it\\\/ilcam-voice-it\\\/novita-da-interzum-2017\\\/\"},\"author\":{\"name\":\"Andrea Malisan\",\"@id\":\"https:\\\/\\\/www.ilcam.com\\\/it\\\/#\\\/schema\\\/person\\\/29ffe81a0cd13c6ebffc2c1dfaffccac\"},\"headline\":\"Novit\u00e0 da Interzum 2017\",\"datePublished\":\"2017-06-05T07:35:46+00:00\",\"dateModified\":\"2018-02-12T18:33:58+00:00\",\"mainEntityOfPage\":{\"@id\":\"https:\\\/\\\/www.ilcam.com\\\/it\\\/ilcam-voice-it\\\/novita-da-interzum-2017\\\/\"},\"wordCount\":436,\"publisher\":{\"@id\":\"https:\\\/\\\/www.ilcam.com\\\/it\\\/#organization\"},\"image\":{\"@id\":\"https:\\\/\\\/www.ilcam.com\\\/it\\\/ilcam-voice-it\\\/novita-da-interzum-2017\\\/#primaryimage\"},\"thumbnailUrl\":\"https:\\\/\\\/www.ilcam.com\\\/wp-content\\\/uploads\\\/2017\\\/06\\\/Interzum-e1496326666397.jpg\",\"keywords\":[\"Fairs\",\"News\"],\"articleSection\":[\"ILCAM voice\"],\"inLanguage\":\"it-IT\"},{\"@type\":\"WebPage\",\"@id\":\"https:\\\/\\\/www.ilcam.com\\\/it\\\/ilcam-voice-it\\\/novita-da-interzum-2017\\\/\",\"url\":\"https:\\\/\\\/www.ilcam.com\\\/it\\\/ilcam-voice-it\\\/novita-da-interzum-2017\\\/\",\"name\":\"Novit\u00e0 da Interzum 2017 - ILCAM\",\"isPartOf\":{\"@id\":\"https:\\\/\\\/www.ilcam.com\\\/it\\\/#website\"},\"primaryImageOfPage\":{\"@id\":\"https:\\\/\\\/www.ilcam.com\\\/it\\\/ilcam-voice-it\\\/novita-da-interzum-2017\\\/#primaryimage\"},\"image\":{\"@id\":\"https:\\\/\\\/www.ilcam.com\\\/it\\\/ilcam-voice-it\\\/novita-da-interzum-2017\\\/#primaryimage\"},\"thumbnailUrl\":\"https:\\\/\\\/www.ilcam.com\\\/wp-content\\\/uploads\\\/2017\\\/06\\\/Interzum-e1496326666397.jpg\",\"datePublished\":\"2017-06-05T07:35:46+00:00\",\"dateModified\":\"2018-02-12T18:33:58+00:00\",\"description\":\"L'edizione 2017 di Interzum a Colonia si \u00e8 conclusa con un risultato record: pi\u00f9 di 69.000 visitatori provenienti da 152 Paesi hanno preso parte alla pi\u00f9 grande fiera dedicata ai materiali per la realizzazione dei mobili e l\u2019allestimento degli interni.\",\"breadcrumb\":{\"@id\":\"https:\\\/\\\/www.ilcam.com\\\/it\\\/ilcam-voice-it\\\/novita-da-interzum-2017\\\/#breadcrumb\"},\"inLanguage\":\"it-IT\",\"potentialAction\":[{\"@type\":\"ReadAction\",\"target\":[\"https:\\\/\\\/www.ilcam.com\\\/it\\\/ilcam-voice-it\\\/novita-da-interzum-2017\\\/\"]}]},{\"@type\":\"ImageObject\",\"inLanguage\":\"it-IT\",\"@id\":\"https:\\\/\\\/www.ilcam.com\\\/it\\\/ilcam-voice-it\\\/novita-da-interzum-2017\\\/#primaryimage\",\"url\":\"https:\\\/\\\/www.ilcam.com\\\/wp-content\\\/uploads\\\/2017\\\/06\\\/Interzum-e1496326666397.jpg\",\"contentUrl\":\"https:\\\/\\\/www.ilcam.com\\\/wp-content\\\/uploads\\\/2017\\\/06\\\/Interzum-e1496326666397.jpg\",\"width\":1312,\"height\":836,\"caption\":\"Interzum\"},{\"@type\":\"BreadcrumbList\",\"@id\":\"https:\\\/\\\/www.ilcam.com\\\/it\\\/ilcam-voice-it\\\/novita-da-interzum-2017\\\/#breadcrumb\",\"itemListElement\":[{\"@type\":\"ListItem\",\"position\":1,\"name\":\"Home\",\"item\":\"https:\\\/\\\/www.ilcam.com\\\/it\\\/\"},{\"@type\":\"ListItem\",\"position\":2,\"name\":\"Novit\u00e0 da Interzum 2017\"}]},{\"@type\":\"WebSite\",\"@id\":\"https:\\\/\\\/www.ilcam.com\\\/it\\\/#website\",\"url\":\"https:\\\/\\\/www.ilcam.com\\\/it\\\/\",\"name\":\"ILCAM\",\"description\":\"Masters of furniture apparel\",\"publisher\":{\"@id\":\"https:\\\/\\\/www.ilcam.com\\\/it\\\/#organization\"},\"potentialAction\":[{\"@type\":\"SearchAction\",\"target\":{\"@type\":\"EntryPoint\",\"urlTemplate\":\"https:\\\/\\\/www.ilcam.com\\\/it\\\/?s={search_term_string}\"},\"query-input\":{\"@type\":\"PropertyValueSpecification\",\"valueRequired\":true,\"valueName\":\"search_term_string\"}}],\"inLanguage\":\"it-IT\"},{\"@type\":\"Organization\",\"@id\":\"https:\\\/\\\/www.ilcam.com\\\/it\\\/#organization\",\"name\":\"ILCAM\",\"url\":\"https:\\\/\\\/www.ilcam.com\\\/it\\\/\",\"logo\":{\"@type\":\"ImageObject\",\"inLanguage\":\"it-IT\",\"@id\":\"https:\\\/\\\/www.ilcam.com\\\/it\\\/#\\\/schema\\\/logo\\\/image\\\/\",\"url\":\"https:\\\/\\\/www.ilcam.com\\\/wp-content\\\/uploads\\\/2022\\\/01\\\/logo-ilcam_new.png\",\"contentUrl\":\"https:\\\/\\\/www.ilcam.com\\\/wp-content\\\/uploads\\\/2022\\\/01\\\/logo-ilcam_new.png\",\"width\":756,\"height\":322,\"caption\":\"ILCAM\"},\"image\":{\"@id\":\"https:\\\/\\\/www.ilcam.com\\\/it\\\/#\\\/schema\\\/logo\\\/image\\\/\"}},{\"@type\":\"Person\",\"@id\":\"https:\\\/\\\/www.ilcam.com\\\/it\\\/#\\\/schema\\\/person\\\/29ffe81a0cd13c6ebffc2c1dfaffccac\",\"name\":\"Andrea Malisan\"}]}<\/script>\n<!-- \/ Yoast SEO plugin. -->","yoast_head_json":{"title":"Novit\u00e0 da Interzum 2017 - ILCAM","description":"L'edizione 2017 di Interzum a Colonia si \u00e8 conclusa con un risultato record: pi\u00f9 di 69.000 visitatori provenienti da 152 Paesi hanno preso parte alla pi\u00f9 grande fiera dedicata ai materiali per la realizzazione dei mobili e l\u2019allestimento degli interni.","robots":{"index":"index","follow":"follow","max-snippet":"max-snippet:-1","max-image-preview":"max-image-preview:large","max-video-preview":"max-video-preview:-1"},"canonical":"https:\/\/www.ilcam.com\/it\/ilcam-voice-it\/novita-da-interzum-2017\/","og_locale":"it_IT","og_type":"article","og_title":"Novit\u00e0 da Interzum 2017 - ILCAM","og_description":"L'edizione 2017 di Interzum a Colonia si \u00e8 conclusa con un risultato record: pi\u00f9 di 69.000 visitatori provenienti da 152 Paesi hanno preso parte alla pi\u00f9 grande fiera dedicata ai materiali per la realizzazione dei mobili e l\u2019allestimento degli interni.","og_url":"https:\/\/www.ilcam.com\/it\/ilcam-voice-it\/novita-da-interzum-2017\/","og_site_name":"ILCAM","article_published_time":"2017-06-05T07:35:46+00:00","article_modified_time":"2018-02-12T18:33:58+00:00","og_image":[{"width":1312,"height":836,"url":"https:\/\/www.ilcam.com\/wp-content\/uploads\/2017\/06\/Interzum-e1496326666397.jpg","type":"image\/jpeg"}],"author":"Andrea Malisan","twitter_card":"summary_large_image","twitter_misc":{"Scritto da":"Andrea Malisan","Tempo di lettura stimato":"2 minuti"},"schema":{"@context":"https:\/\/schema.org","@graph":[{"@type":"Article","@id":"https:\/\/www.ilcam.com\/it\/ilcam-voice-it\/novita-da-interzum-2017\/#article","isPartOf":{"@id":"https:\/\/www.ilcam.com\/it\/ilcam-voice-it\/novita-da-interzum-2017\/"},"author":{"name":"Andrea Malisan","@id":"https:\/\/www.ilcam.com\/it\/#\/schema\/person\/29ffe81a0cd13c6ebffc2c1dfaffccac"},"headline":"Novit\u00e0 da Interzum 2017","datePublished":"2017-06-05T07:35:46+00:00","dateModified":"2018-02-12T18:33:58+00:00","mainEntityOfPage":{"@id":"https:\/\/www.ilcam.com\/it\/ilcam-voice-it\/novita-da-interzum-2017\/"},"wordCount":436,"publisher":{"@id":"https:\/\/www.ilcam.com\/it\/#organization"},"image":{"@id":"https:\/\/www.ilcam.com\/it\/ilcam-voice-it\/novita-da-interzum-2017\/#primaryimage"},"thumbnailUrl":"https:\/\/www.ilcam.com\/wp-content\/uploads\/2017\/06\/Interzum-e1496326666397.jpg","keywords":["Fairs","News"],"articleSection":["ILCAM voice"],"inLanguage":"it-IT"},{"@type":"WebPage","@id":"https:\/\/www.ilcam.com\/it\/ilcam-voice-it\/novita-da-interzum-2017\/","url":"https:\/\/www.ilcam.com\/it\/ilcam-voice-it\/novita-da-interzum-2017\/","name":"Novit\u00e0 da Interzum 2017 - ILCAM","isPartOf":{"@id":"https:\/\/www.ilcam.com\/it\/#website"},"primaryImageOfPage":{"@id":"https:\/\/www.ilcam.com\/it\/ilcam-voice-it\/novita-da-interzum-2017\/#primaryimage"},"image":{"@id":"https:\/\/www.ilcam.com\/it\/ilcam-voice-it\/novita-da-interzum-2017\/#primaryimage"},"thumbnailUrl":"https:\/\/www.ilcam.com\/wp-content\/uploads\/2017\/06\/Interzum-e1496326666397.jpg","datePublished":"2017-06-05T07:35:46+00:00","dateModified":"2018-02-12T18:33:58+00:00","description":"L'edizione 2017 di Interzum a Colonia si \u00e8 conclusa con un risultato record: pi\u00f9 di 69.000 visitatori provenienti da 152 Paesi hanno preso parte alla pi\u00f9 grande fiera dedicata ai materiali per la realizzazione dei mobili e l\u2019allestimento degli interni.","breadcrumb":{"@id":"https:\/\/www.ilcam.com\/it\/ilcam-voice-it\/novita-da-interzum-2017\/#breadcrumb"},"inLanguage":"it-IT","potentialAction":[{"@type":"ReadAction","target":["https:\/\/www.ilcam.com\/it\/ilcam-voice-it\/novita-da-interzum-2017\/"]}]},{"@type":"ImageObject","inLanguage":"it-IT","@id":"https:\/\/www.ilcam.com\/it\/ilcam-voice-it\/novita-da-interzum-2017\/#primaryimage","url":"https:\/\/www.ilcam.com\/wp-content\/uploads\/2017\/06\/Interzum-e1496326666397.jpg","contentUrl":"https:\/\/www.ilcam.com\/wp-content\/uploads\/2017\/06\/Interzum-e1496326666397.jpg","width":1312,"height":836,"caption":"Interzum"},{"@type":"BreadcrumbList","@id":"https:\/\/www.ilcam.com\/it\/ilcam-voice-it\/novita-da-interzum-2017\/#breadcrumb","itemListElement":[{"@type":"ListItem","position":1,"name":"Home","item":"https:\/\/www.ilcam.com\/it\/"},{"@type":"ListItem","position":2,"name":"Novit\u00e0 da Interzum 2017"}]},{"@type":"WebSite","@id":"https:\/\/www.ilcam.com\/it\/#website","url":"https:\/\/www.ilcam.com\/it\/","name":"ILCAM","description":"Masters of furniture apparel","publisher":{"@id":"https:\/\/www.ilcam.com\/it\/#organization"},"potentialAction":[{"@type":"SearchAction","target":{"@type":"EntryPoint","urlTemplate":"https:\/\/www.ilcam.com\/it\/?s={search_term_string}"},"query-input":{"@type":"PropertyValueSpecification","valueRequired":true,"valueName":"search_term_string"}}],"inLanguage":"it-IT"},{"@type":"Organization","@id":"https:\/\/www.ilcam.com\/it\/#organization","name":"ILCAM","url":"https:\/\/www.ilcam.com\/it\/","logo":{"@type":"ImageObject","inLanguage":"it-IT","@id":"https:\/\/www.ilcam.com\/it\/#\/schema\/logo\/image\/","url":"https:\/\/www.ilcam.com\/wp-content\/uploads\/2022\/01\/logo-ilcam_new.png","contentUrl":"https:\/\/www.ilcam.com\/wp-content\/uploads\/2022\/01\/logo-ilcam_new.png","width":756,"height":322,"caption":"ILCAM"},"image":{"@id":"https:\/\/www.ilcam.com\/it\/#\/schema\/logo\/image\/"}},{"@type":"Person","@id":"https:\/\/www.ilcam.com\/it\/#\/schema\/person\/29ffe81a0cd13c6ebffc2c1dfaffccac","name":"Andrea Malisan"}]}},"_links":{"self":[{"href":"https:\/\/www.ilcam.com\/it\/wp-json\/wp\/v2\/posts\/76266","targetHints":{"allow":["GET"]}}],"collection":[{"href":"https:\/\/www.ilcam.com\/it\/wp-json\/wp\/v2\/posts"}],"about":[{"href":"https:\/\/www.ilcam.com\/it\/wp-json\/wp\/v2\/types\/post"}],"author":[{"embeddable":true,"href":"https:\/\/www.ilcam.com\/it\/wp-json\/wp\/v2\/users\/4"}],"replies":[{"embeddable":true,"href":"https:\/\/www.ilcam.com\/it\/wp-json\/wp\/v2\/comments?post=76266"}],"version-history":[{"count":1,"href":"https:\/\/www.ilcam.com\/it\/wp-json\/wp\/v2\/posts\/76266\/revisions"}],"predecessor-version":[{"id":77108,"href":"https:\/\/www.ilcam.com\/it\/wp-json\/wp\/v2\/posts\/76266\/revisions\/77108"}],"wp:featuredmedia":[{"embeddable":true,"href":"https:\/\/www.ilcam.com\/it\/wp-json\/wp\/v2\/media\/76243"}],"wp:attachment":[{"href":"https:\/\/www.ilcam.com\/it\/wp-json\/wp\/v2\/media?parent=76266"}],"wp:term":[{"taxonomy":"category","embeddable":true,"href":"https:\/\/www.ilcam.com\/it\/wp-json\/wp\/v2\/categories?post=76266"},{"taxonomy":"post_tag","embeddable":true,"href":"https:\/\/www.ilcam.com\/it\/wp-json\/wp\/v2\/tags?post=76266"}],"curies":[{"name":"wp","href":"https:\/\/api.w.org\/{rel}","templated":true}]}}